{"id":194,"date":"2025-03-13T12:17:05","date_gmt":"2025-03-13T09:17:05","guid":{"rendered":"https:\/\/wp3.yazilimbilisim.net\/?p=194"},"modified":"2025-03-25T01:25:16","modified_gmt":"2025-03-24T22:25:16","slug":"gardirop","status":"publish","type":"post","link":"https:\/\/wp3.yazilimbilisim.net\/?p=194","title":{"rendered":"Gard\u0131rop"},"content":{"rendered":"\n<p class=\"wp-block-paragraph\">Gard\u0131rop, yatak odalar\u0131n\u0131n en \u00f6nemli ve en b\u00fcy\u00fck mobilya par\u00e7alar\u0131ndan biridir. K\u0131yafetleri d\u00fczenli bir \u015fekilde saklamak, odada gereksiz da\u011f\u0131n\u0131kl\u0131\u011f\u0131 \u00f6nlemek ve estetik bir g\u00f6r\u00fcn\u00fcm yaratmak i\u00e7in vazge\u00e7ilmez bir rol oynar. Gard\u0131rop, hem i\u015flevsel hem de dekoratif a\u00e7\u0131dan b\u00fcy\u00fck bir \u00f6neme sahiptir. Hem fonksiyonel hem de \u015f\u0131k tasar\u0131mlarla sunulan gard\u0131roplar, yatak odas\u0131na d\u00fczen sa\u011flarken ayn\u0131 zamanda odan\u0131n genel dekorasyonuna da katk\u0131 sa\u011flar. Bu makalede, gard\u0131rop nedir, nas\u0131l se\u00e7ilmelidir ve gard\u0131rop tasar\u0131mlar\u0131 hakk\u0131nda bilgi verece\u011fiz.<\/p>\n\n\n\n<h3 class=\"wp-block-heading\"><strong>Gard\u0131rop Nedir ve \u00d6nemi Nedir?<\/strong><\/h3>\n\n\n\n<p class=\"wp-block-paragraph\">Gard\u0131rop, genellikle k\u0131yafetlerin, ayakkab\u0131lar\u0131n, aksesuarlar\u0131n ve ki\u015fisel e\u015fyalar\u0131n d\u00fczenli bir \u015fekilde sakland\u0131\u011f\u0131 b\u00fcy\u00fck bir dolap t\u00fcr\u00fcd\u00fcr. Yatak odas\u0131nda yer alan gard\u0131rop, sadece bir depolama alan\u0131 de\u011fil, ayn\u0131 zamanda odan\u0131n \u015f\u0131kl\u0131\u011f\u0131n\u0131 art\u0131ran bir mobilyad\u0131r. Gard\u0131rop, i\u015flevselli\u011fi ve tasar\u0131m\u0131 ile odan\u0131n d\u00fczenini sa\u011flar. Kullan\u0131c\u0131lar i\u00e7in k\u0131yafetleri ve di\u011fer e\u015fyalar\u0131 yerle\u015ftirmek i\u00e7in b\u00fcy\u00fck bir alan sunar, b\u00f6ylece odadaki karma\u015fay\u0131 azalt\u0131r. Ayr\u0131ca, g\u00fcn\u00fcm\u00fczde bir\u00e7ok gard\u0131rop modeli, ekstra depolama alan\u0131 sa\u011flamak amac\u0131yla raflar, \u00e7ekmeceler ve ask\u0131 alanlar\u0131 ile donat\u0131lm\u0131\u015ft\u0131r.<\/p>\n\n\n\n<h3 class=\"wp-block-heading\"><strong>Gard\u0131rop Tasar\u0131mlar\u0131 ve Se\u00e7enekleri<\/strong><\/h3>\n\n\n\n<p class=\"wp-block-paragraph\">Gard\u0131rop tasar\u0131mlar\u0131, odan\u0131n stiline, b\u00fcy\u00fckl\u00fc\u011f\u00fcne ve ki\u015fisel tercihlere g\u00f6re de\u011fi\u015fiklik g\u00f6sterir. Gard\u0131rop se\u00e7iminde dikkat edilmesi gereken en \u00f6nemli fakt\u00f6r, hem estetik hem de fonksiyonel ihtiya\u00e7lara g\u00f6re tasarlanm\u0131\u015f bir modelin se\u00e7ilmesidir. \u0130\u015fte pop\u00fcler gard\u0131rop tasar\u0131mlar\u0131:<\/p>\n\n\n\n<ol class=\"wp-block-list\">\n<li><strong>S\u00fcrg\u00fcl\u00fc Kapakl\u0131 Gard\u0131roplar<\/strong><br>Modern ve \u015f\u0131k bir g\u00f6r\u00fcn\u00fcme sahip s\u00fcrg\u00fcl\u00fc kapakl\u0131 gard\u0131roplar, \u00f6zellikle k\u00fc\u00e7\u00fck yatak odalar\u0131nda olduk\u00e7a kullan\u0131\u015fl\u0131d\u0131r. Bu t\u00fcr gard\u0131roplar, kapak a\u00e7mak i\u00e7in yer kaplamaz ve yatak odas\u0131nda daha fazla alan tasarrufu sa\u011flar. Ayr\u0131ca, s\u00fcrg\u00fcl\u00fc kapaklar sessiz bir \u015fekilde a\u00e7\u0131l\u0131p kapan\u0131r ve kullan\u0131m a\u00e7\u0131s\u0131ndan b\u00fcy\u00fck kolayl\u0131k sunar.<\/li>\n\n\n\n<li><strong>A\u00e7\u0131l\u0131r Kapakl\u0131 Gard\u0131roplar<\/strong><br>Klasik tarz\u0131 tercih edenler i\u00e7in a\u00e7\u0131l\u0131r kapakl\u0131 gard\u0131roplar ideal bir se\u00e7imdir. Bu t\u00fcr gard\u0131roplar, genellikle daha geni\u015f odalar i\u00e7in uygundur ve geni\u015f i\u00e7 hacimleri sayesinde \u00e7ok fazla e\u015fya depolamak m\u00fcmk\u00fcnd\u00fcr. Ayr\u0131ca, geleneksel bir g\u00f6r\u00fcn\u00fcme sahip olmalar\u0131, odada nostaljik bir hava yarat\u0131r.<\/li>\n\n\n\n<li><strong>Mod\u00fcler Gard\u0131roplar<\/strong><br>Mod\u00fcler gard\u0131roplar, ki\u015fisel ihtiya\u00e7lara g\u00f6re uyarlanabilen, b\u00f6lmeleri ve raflar\u0131 farkl\u0131 \u015fekillerde d\u00fczenleyebilmenizi sa\u011flayan tasar\u0131mlard\u0131r. Bu t\u00fcr gard\u0131roplar, depolama alan\u0131n\u0131 verimli kullanmak isteyenler i\u00e7in ideal bir se\u00e7enektir. Ayr\u0131ca, mod\u00fcler yap\u0131lar\u0131 sayesinde zamanla geni\u015fletilebilir veya yeniden d\u00fczenlenebilir.<\/li>\n\n\n\n<li><strong>G\u00f6mme Gard\u0131roplar<\/strong><br>\u00d6zellikle daha fazla alan yaratmak isteyenler i\u00e7in g\u00f6mme gard\u0131roplar m\u00fckemmel bir tercihtir. Yatak odas\u0131n\u0131n duvar\u0131na g\u00f6mme olarak in\u015fa edilen bu gard\u0131roplar, oday\u0131 daha geni\u015f g\u00f6sterir ve daha \u015f\u0131k bir g\u00f6r\u00fcn\u00fcm sunar. Ancak, bu t\u00fcr gard\u0131roplar\u0131n in\u015fa edilmesi ve yerle\u015ftirilmesi genellikle daha fazla zaman ve maliyet gerektirir.<\/li>\n<\/ol>\n\n\n\n<h3 class=\"wp-block-heading\"><strong>Gard\u0131rop Se\u00e7erken Dikkat Edilmesi Gerekenler<\/strong><\/h3>\n\n\n\n<p class=\"wp-block-paragraph\">Gard\u0131rop se\u00e7imi yaparken dikkate alman\u0131z gereken birka\u00e7 \u00f6nemli nokta vard\u0131r:<\/p>\n\n\n\n<ol class=\"wp-block-list\">\n<li><strong>Yatak Odas\u0131n\u0131n B\u00fcy\u00fckl\u00fc\u011f\u00fc ve D\u00fczeni<\/strong><br>Gard\u0131rop se\u00e7erken odan\u0131z\u0131n b\u00fcy\u00fckl\u00fc\u011f\u00fcn\u00fc g\u00f6z \u00f6n\u00fcnde bulundurmal\u0131s\u0131n\u0131z. K\u00fc\u00e7\u00fck bir odada b\u00fcy\u00fck bir gard\u0131rop kullanmak odan\u0131n s\u0131k\u0131\u015f\u0131k ve dar g\u00f6r\u00fcnmesine neden olabilir. S\u00fcrg\u00fcl\u00fc kapakl\u0131 modeller veya mod\u00fcler gard\u0131roplar, k\u00fc\u00e7\u00fck odalar i\u00e7in daha uygun se\u00e7eneklerdir.<\/li>\n\n\n\n<li><strong>Depolama \u0130htiya\u00e7lar\u0131<\/strong><br>Gard\u0131rop, ne kadar e\u015fya saklayaca\u011f\u0131n\u0131z\u0131 d\u00fc\u015f\u00fcnerek se\u00e7ilmelidir. Yaln\u0131zca k\u0131yafetleri de\u011fil, ayakkab\u0131lar\u0131, aksesuarlar\u0131 ve di\u011fer ki\u015fisel e\u015fyalar\u0131 da d\u00fczenli bir \u015fekilde saklayabilece\u011finiz bir model tercih etmelisiniz. \u00c7ekmeceli veya rafl\u0131 tasar\u0131mlar, ekstra depolama alan\u0131 sa\u011flar.<\/li>\n\n\n\n<li><strong>Malzeme ve Dayan\u0131kl\u0131l\u0131k<\/strong><br>Gard\u0131rop, uzun s\u00fcre kullan\u0131lacak bir mobilya oldu\u011fu i\u00e7in malzeme kalitesi \u00e7ok \u00f6nemlidir. Ah\u015fap, MDF, metal gibi malzemelerden yap\u0131lm\u0131\u015f dayan\u0131kl\u0131 ve kaliteli gard\u0131roplar tercih edilmelidir. Ah\u015fap gard\u0131roplar klasik ve zarif bir g\u00f6r\u00fcn\u00fcm sunarken, metal ve cam detayl\u0131 tasar\u0131mlar daha modern bir hava yarat\u0131r.<\/li>\n\n\n\n<li><strong>Estetik ve Renk Se\u00e7imi<\/strong><br>Gard\u0131rop, yatak odas\u0131n\u0131n genel dekorasyonuna uyumlu olmal\u0131d\u0131r. Modern, minimalist, klasik veya rustik tarzda bir odada farkl\u0131 renk ve tasar\u0131mlarla uyumlu gard\u0131roplar se\u00e7ilebilir. Ayr\u0131ca, renklerin odan\u0131n genel atmosferini nas\u0131l etkiledi\u011fi de dikkate al\u0131nmal\u0131d\u0131r.<\/li>\n<\/ol>\n\n\n\n<h3 class=\"wp-block-heading\"><strong>Sonu\u00e7<\/strong><\/h3>\n\n\n\n<p class=\"wp-block-paragraph\">Gard\u0131rop, yatak odas\u0131nda hem i\u015flevsel hem de dekoratif bir \u00f6\u011fe olarak \u00f6nemli bir rol oynar. Odan\u0131n d\u00fczenini sa\u011flamak ve e\u015fyalar\u0131 d\u00fczenli bir \u015fekilde saklamak i\u00e7in vazge\u00e7ilmez bir mobilyad\u0131r. Gard\u0131rop se\u00e7iminde estetik ve fonksiyonellik aras\u0131nda bir denge kurmak, odan\u0131n \u015f\u0131kl\u0131\u011f\u0131n\u0131 art\u0131r\u0131rken kullan\u0131m kolayl\u0131\u011f\u0131 sa\u011flar. Farkl\u0131 tasar\u0131m se\u00e7enekleri, odan\u0131n b\u00fcy\u00fckl\u00fc\u011f\u00fc ve ki\u015fisel ihtiya\u00e7lara g\u00f6re \u00f6zelle\u015ftirilebilen gard\u0131roplar, yatak odas\u0131na d\u00fczen getiren ve \u015f\u0131kl\u0131k katan mobilyalar aras\u0131ndad\u0131r.<\/p>\n\n\n\n<hr class=\"wp-block-separator has-alpha-channel-opacity\"\/>\n\n\n\n<figure class=\"wp-block-image size-full\"><img loading=\"lazy\" decoding=\"async\" width=\"474\" height=\"474\" src=\"https:\/\/wp3.yazilimbilisim.net\/wp-content\/uploads\/2025\/03\/Gardirop.jpg\" alt=\"\" class=\"wp-image-203\" srcset=\"https:\/\/wp3.yazilimbilisim.net\/wp-content\/uploads\/2025\/03\/Gardirop.jpg 474w, https:\/\/wp3.yazilimbilisim.net\/wp-content\/uploads\/2025\/03\/Gardirop-300x300.jpg 300w, https:\/\/wp3.yazilimbilisim.net\/wp-content\/uploads\/2025\/03\/Gardirop-150x150.jpg 150w\" sizes=\"auto, (max-width: 474px) 100vw, 474px\" \/><\/figure>\n\n\n\n<p class=\"wp-block-paragraph\"><\/p>\n","protected":false},"excerpt":{"rendered":"<p>Gard\u0131rop, yatak odalar\u0131n\u0131n en \u00f6nemli ve en b\u00fcy\u00fck mobilya par\u00e7alar\u0131ndan biridir. K\u0131yafetleri d\u00fczenli bir \u015fekilde saklamak, odada gereksiz da\u011f\u0131n\u0131kl\u0131\u011f\u0131 \u00f6nlemek ve estetik bir g\u00f6r\u00fcn\u00fcm yaratmak i\u00e7in vazge\u00e7ilmez bir rol oynar. Gard\u0131rop, hem i\u015flevsel hem de dekoratif a\u00e7\u0131dan b\u00fcy\u00fck bir \u00f6neme sahiptir. Hem fonksiyonel hem de \u015f\u0131k tasar\u0131mlarla sunulan gard\u0131roplar, yatak odas\u0131na d\u00fczen sa\u011flarken ayn\u0131 zamanda [&hellip;]<\/p>\n","protected":false},"author":1,"featured_media":0,"comment_status":"open","ping_status":"open","sticky":false,"template":"","format":"standard","meta":{"footnotes":""},"categories":[1],"tags":[528,533,524,525,531,526,530,534,529,527,532],"class_list":["post-194","post","type-post","status-publish","format-standard","category-genel","tag-acilir-kapakli-gardiroplar","tag-depolama-ihtiyaclari","tag-gardirop","tag-gardirop-nedir-ve-onemi-nedir","tag-gardirop-secerken-dikkat-edilmesi-gerekenler","tag-gardirop-tasarimlari-ve-secenekleri","tag-gomme-gardiroplar","tag-malzeme-ve-dayaniklilik","tag-moduler-gardiroplar","tag-surgulu-kapakli-gardiroplar","tag-yatak-odasinin-buyuklugu-ve-duzeni"],"_links":{"self":[{"href":"https:\/\/wp3.yazilimbilisim.net\/index.php?rest_route=\/wp\/v2\/posts\/194","targetHints":{"allow":["GET"]}}],"collection":[{"href":"https:\/\/wp3.yazilimbilisim.net\/index.php?rest_route=\/wp\/v2\/posts"}],"about":[{"href":"https:\/\/wp3.yazilimbilisim.net\/index.php?rest_route=\/wp\/v2\/types\/post"}],"author":[{"embeddable":true,"href":"https:\/\/wp3.yazilimbilisim.net\/index.php?rest_route=\/wp\/v2\/users\/1"}],"replies":[{"embeddable":true,"href":"https:\/\/wp3.yazilimbilisim.net\/index.php?rest_route=%2Fwp%2Fv2%2Fcomments&post=194"}],"version-history":[{"count":1,"href":"https:\/\/wp3.yazilimbilisim.net\/index.php?rest_route=\/wp\/v2\/posts\/194\/revisions"}],"predecessor-version":[{"id":204,"href":"https:\/\/wp3.yazilimbilisim.net\/index.php?rest_route=\/wp\/v2\/posts\/194\/revisions\/204"}],"wp:attachment":[{"href":"https:\/\/wp3.yazilimbilisim.net\/index.php?rest_route=%2Fwp%2Fv2%2Fmedia&parent=194"}],"wp:term":[{"taxonomy":"category","embeddable":true,"href":"https:\/\/wp3.yazilimbilisim.net\/index.php?rest_route=%2Fwp%2Fv2%2Fcategories&post=194"},{"taxonomy":"post_tag","embeddable":true,"href":"https:\/\/wp3.yazilimbilisim.net\/index.php?rest_route=%2Fwp%2Fv2%2Ftags&post=194"}],"curies":[{"name":"wp","href":"https:\/\/api.w.org\/{rel}","templated":true}]}}