{"id":215,"date":"2025-03-13T12:58:51","date_gmt":"2025-03-13T09:58:51","guid":{"rendered":"https:\/\/wp3.yazilimbilisim.net\/?p=215"},"modified":"2025-03-25T01:22:46","modified_gmt":"2025-03-24T22:22:46","slug":"ayna","status":"publish","type":"post","link":"https:\/\/wp3.yazilimbilisim.net\/?p=215","title":{"rendered":"Ayna"},"content":{"rendered":"\n<p class=\"wp-block-paragraph\">Ayna, hem fonksiyonel hem de dekoratif a\u00e7\u0131dan evlerin en \u00f6nemli e\u015fyalar\u0131ndan biridir. \u00d6zellikle yatak odas\u0131nda, ayna yaln\u0131zca g\u00f6r\u00fcnt\u00fc yans\u0131tmaktan daha fazlas\u0131n\u0131 yapar; odaya derinlik, \u015f\u0131kl\u0131k ve ferahl\u0131k katarken, ayn\u0131 zamanda g\u00fcnl\u00fck ya\u015famda da pratik bir i\u015flev g\u00f6r\u00fcr. Ayna, her ya\u015fta ve her tarzda insanlar\u0131n vazge\u00e7ilmezi haline gelmi\u015ftir. Bu yaz\u0131da aynan\u0131n tarih\u00e7esi, kullan\u0131m alanlar\u0131, farkl\u0131 tasar\u0131mlar\u0131 ve yatak odas\u0131nda nas\u0131l kullan\u0131labilece\u011fi hakk\u0131nda bilgi verece\u011fiz.<\/p>\n\n\n\n<h3 class=\"wp-block-heading\"><strong>Aynan\u0131n Tarih\u00e7esi ve Evrimi<\/strong><\/h3>\n\n\n\n<p class=\"wp-block-paragraph\">Ayna, tarih boyunca insanlar\u0131n kendilerini g\u00f6rmelerine olanak sa\u011flayan bir ara\u00e7 olmu\u015ftur. \u0130lk aynalar, tarih \u00f6ncesi d\u00f6nemde su y\u00fczeylerinde yans\u0131yan g\u00f6r\u00fcnt\u00fclerle benzer \u015fekilde do\u011fal malzemelerden yap\u0131lm\u0131\u015ft\u0131. M\u00d6 6000 y\u0131llar\u0131nda, insanlar\u0131n metal levhalar \u00fczerine cilalanm\u0131\u015f y\u00fczeyler ekleyerek, bak\u0131r, g\u00fcm\u00fc\u015f ve alt\u0131n gibi malzemelerden ilk yapay aynalar\u0131n\u0131 \u00fcrettikleri bilinmektedir. Ancak, modern aynalar, 19. y\u00fczy\u0131l\u0131n ba\u015flar\u0131na kadar, cam y\u00fczeylere c\u0131va ile kaplama y\u00f6ntemiyle yap\u0131lmaya ba\u015flanm\u0131\u015ft\u0131r. Bug\u00fcn ise aynalar, cam\u0131n arkas\u0131na uygulanan ince bir metal tabaka sayesinde \u00fcretilmektedir.<\/p>\n\n\n\n<h3 class=\"wp-block-heading\"><strong>Aynan\u0131n Fonksiyonel Yararlar\u0131<\/strong><\/h3>\n\n\n\n<p class=\"wp-block-paragraph\">Aynan\u0131n en temel i\u015flevi, yans\u0131tt\u0131\u011f\u0131 g\u00f6r\u00fcnt\u00fcler sayesinde kendimizi g\u00f6rmemizi sa\u011flamakt\u0131r. Yatak odas\u0131nda, aynalar \u00f6zellikle giyinme s\u0131ras\u0131nda vazge\u00e7ilmezdir. Sabahlar\u0131 k\u0131yafet se\u00e7erken, makyaj yaparken veya sa\u00e7lar\u0131 d\u00fczenlerken ayna, ki\u015finin d\u0131\u015f g\u00f6r\u00fcn\u00fc\u015f\u00fcn\u00fc kontrol etmesine yard\u0131mc\u0131 olur. Ayr\u0131ca, ayna, odan\u0131n \u0131\u015f\u0131\u011f\u0131n\u0131 yans\u0131tarak daha ayd\u0131nl\u0131k ve geni\u015f bir alan hissi yaratabilir. \u00d6zellikle k\u00fc\u00e7\u00fck yatak odalar\u0131nda, do\u011fru konumland\u0131r\u0131lm\u0131\u015f bir ayna, odan\u0131n ferahlamas\u0131na ve derinlik kazanmas\u0131na olanak tan\u0131r.<\/p>\n\n\n\n<h3 class=\"wp-block-heading\"><strong>Aynan\u0131n Dekoratif Rol\u00fc<\/strong><\/h3>\n\n\n\n<p class=\"wp-block-paragraph\">Aynalar, sadece i\u015flevsel de\u011fil, ayn\u0131 zamanda dekoratif bir \u00f6\u011fe olarak da kullan\u0131l\u0131r. \u00d6zellikle yatak odas\u0131nda, aynalar odan\u0131n esteti\u011fini tamamlar ve \u015f\u0131kl\u0131k katarken, tasar\u0131mlar\u0131 sayesinde odan\u0131n genel havas\u0131n\u0131 de\u011fi\u015ftirebilir. Aynalar\u0131n \u00e7er\u00e7eveleri, yatak odas\u0131 dekorasyonunun tarz\u0131na g\u00f6re se\u00e7ilebilir. G\u00fcm\u00fc\u015f, alt\u0131n, ah\u015fap, siyah veya beyaz \u00e7er\u00e7eveler, farkl\u0131 i\u00e7 mekan stilleriyle uyum sa\u011flar.<\/p>\n\n\n\n<p class=\"wp-block-paragraph\">Modern tasar\u0131mlarda genellikle minimal \u00e7er\u00e7evesiz aynalar tercih edilirken, klasik tasar\u0131mlarda daha detayl\u0131 ve g\u00f6steri\u015fli \u00e7er\u00e7eveler kullan\u0131l\u0131r. Ayr\u0131ca, b\u00fcy\u00fck boyutlu aynalar, odan\u0131n duvar\u0131n\u0131 kaplayarak odan\u0131n g\u00f6rsel etkisini art\u0131rabilir. Aynalar, bir odada \u00f6nemli bir dekoratif unsur olarak duvarda merkezi bir yer edinir ve hem yatak odas\u0131nda hem de banyo gibi di\u011fer odalarda kullan\u0131labilir.<\/p>\n\n\n\n<h3 class=\"wp-block-heading\"><strong>Aynan\u0131n \u00c7e\u015fitli Tasar\u0131mlar\u0131<\/strong><\/h3>\n\n\n\n<p class=\"wp-block-paragraph\">Aynalar, farkl\u0131 boyutlarda ve \u015fekillerde tasarlanabilir. Yatak odas\u0131nda kullan\u0131labilecek baz\u0131 pop\u00fcler ayna tasar\u0131mlar\u0131 \u015funlard\u0131r:<\/p>\n\n\n\n<ol class=\"wp-block-list\">\n<li><strong>Duvarda B\u00fcy\u00fck Ayna<\/strong><br>B\u00fcy\u00fck boyutlu duvar aynalar\u0131, \u00f6zellikle yatak ba\u015fl\u0131\u011f\u0131 ya da komodinler gibi mobilyalar\u0131n \u00fczerine yerle\u015ftirildi\u011finde, odaya derinlik ve \u015f\u0131kl\u0131k katar. Yatak odas\u0131na zarif bir hava katmak i\u00e7in ideal bir se\u00e7imdir.<\/li>\n\n\n\n<li><strong>Makyaj Aynalar\u0131<\/strong><br>Makyaj yaparken rahat\u00e7a kullanabilece\u011finiz ayna modelleri de olduk\u00e7a pop\u00fclerdir. \u00d6zellikle ayd\u0131nlatmal\u0131 makyaj aynalar\u0131, y\u00fcz\u00fcn her a\u00e7\u0131dan net bir \u015fekilde g\u00f6r\u00fcnmesini sa\u011flar. Bu aynalar, genellikle k\u00fc\u00e7\u00fck boyutlarda olup, ta\u015f\u0131nabilir veya sabit montajl\u0131 olabilir.<\/li>\n\n\n\n<li><strong>Ayakl\u0131 Aynalar<\/strong><br>Ayakl\u0131 aynalar, pratiklik sa\u011flarken ayn\u0131 zamanda \u015f\u0131k bir dekoratif par\u00e7a olarak da kullan\u0131labilir. Bu t\u00fcr aynalar, yatak odas\u0131nda giyinme alan\u0131 olu\u015fturur ve ki\u015finin kendini daha rahat bir \u015fekilde g\u00f6rmesini sa\u011flar.<\/li>\n\n\n\n<li><strong>Yatak Ba\u015fl\u0131\u011f\u0131na Entegre Ayna<\/strong><br>Yatak ba\u015fl\u0131\u011f\u0131na entegre edilen aynalar, modern yatak odalar\u0131nda s\u0131k\u00e7a tercih edilen bir di\u011fer tasar\u0131md\u0131r. Bu t\u00fcr aynalar, ba\u015fl\u0131k k\u0131sm\u0131na yerle\u015ftirilerek \u015f\u0131kl\u0131k katarken, yatak odas\u0131na zarif bir g\u00f6r\u00fcn\u00fcm sa\u011flar.<\/li>\n<\/ol>\n\n\n\n<h3 class=\"wp-block-heading\"><strong>Ayna Se\u00e7erken Dikkat Edilmesi Gerekenler<\/strong><\/h3>\n\n\n\n<p class=\"wp-block-paragraph\">Ayna se\u00e7imi yaparken, birka\u00e7 \u00f6nemli fakt\u00f6r g\u00f6z \u00f6n\u00fcnde bulundurulmal\u0131d\u0131r. Yatak odas\u0131nda kullanaca\u011f\u0131n\u0131z aynan\u0131n boyutlar\u0131, odan\u0131n b\u00fcy\u00fckl\u00fc\u011f\u00fcne g\u00f6re uyumlu olmal\u0131d\u0131r. K\u00fc\u00e7\u00fck bir odada b\u00fcy\u00fck bir ayna, odan\u0131n daha s\u0131k\u0131\u015f\u0131k g\u00f6r\u00fcnmesine neden olabilir. Ayn\u0131 \u015fekilde, b\u00fcy\u00fck bir odada k\u00fc\u00e7\u00fck bir ayna da odan\u0131n \u015f\u0131kl\u0131\u011f\u0131n\u0131 yeterince tamamlamayabilir.<\/p>\n\n\n\n<p class=\"wp-block-paragraph\">Ayr\u0131ca, aynan\u0131n \u00e7er\u00e7eve tasar\u0131m\u0131, yatak odas\u0131n\u0131n genel dekorasyonu ile uyumlu olmal\u0131d\u0131r. Klasik bir tarzda ah\u015fap \u00e7er\u00e7eve, modern bir yatak odas\u0131nda daha minimal bir \u00e7er\u00e7eve tasar\u0131m\u0131yla uyumsuz olabilir. Ayn\u0131 \u015fekilde, aynan\u0131n yerle\u015ftirilece\u011fi duvar\u0131n rengi de \u00f6nemlidir. Ayna, duvarla kontrast olu\u015fturacak \u015fekilde yerle\u015ftirildi\u011finde, daha dikkat \u00e7ekici ve \u015f\u0131k bir g\u00f6r\u00fcn\u00fcm elde edilebilir.<\/p>\n\n\n\n<h3 class=\"wp-block-heading\"><strong>Sonu\u00e7<\/strong><\/h3>\n\n\n\n<p class=\"wp-block-paragraph\">Ayna, yatak odas\u0131nda sadece g\u00f6r\u00fcnt\u00fc yans\u0131tan bir obje de\u011fil, ayn\u0131 zamanda dekorasyonun ayr\u0131lmaz bir par\u00e7as\u0131d\u0131r. Aynalar, odada derinlik yarat\u0131r, \u0131\u015f\u0131\u011f\u0131 yans\u0131tarak ayd\u0131nl\u0131k bir atmosfer olu\u015fturur ve \u015f\u0131kl\u0131\u011f\u0131 art\u0131r\u0131r. Hem i\u015flevsel hem de estetik a\u00e7\u0131dan \u00f6nemli olan aynalar, yatak odas\u0131na zarif bir dokunu\u015f katarken, pratik kullan\u0131m alanlar\u0131 da sunar. Do\u011fru ayna se\u00e7imi, odan\u0131n atmosferini de\u011fi\u015ftirebilir ve yatak odas\u0131n\u0131 daha fonksiyonel ve \u015f\u0131k bir hale getirebilir.<\/p>\n\n\n\n<hr class=\"wp-block-separator has-alpha-channel-opacity\"\/>\n\n\n\n<figure class=\"wp-block-image size-full\"><img loading=\"lazy\" decoding=\"async\" width=\"474\" height=\"843\" src=\"https:\/\/wp3.yazilimbilisim.net\/wp-content\/uploads\/2025\/03\/ayna-2.jpg\" alt=\"\" class=\"wp-image-216\" srcset=\"https:\/\/wp3.yazilimbilisim.net\/wp-content\/uploads\/2025\/03\/ayna-2.jpg 474w, https:\/\/wp3.yazilimbilisim.net\/wp-content\/uploads\/2025\/03\/ayna-2-169x300.jpg 169w, https:\/\/wp3.yazilimbilisim.net\/wp-content\/uploads\/2025\/03\/ayna-2-150x267.jpg 150w, https:\/\/wp3.yazilimbilisim.net\/wp-content\/uploads\/2025\/03\/ayna-2-300x534.jpg 300w\" sizes=\"auto, (max-width: 474px) 100vw, 474px\" \/><\/figure>\n\n\n\n<p class=\"wp-block-paragraph\"><\/p>\n","protected":false},"excerpt":{"rendered":"<p>Ayna, hem fonksiyonel hem de dekoratif a\u00e7\u0131dan evlerin en \u00f6nemli e\u015fyalar\u0131ndan biridir. \u00d6zellikle yatak odas\u0131nda, ayna yaln\u0131zca g\u00f6r\u00fcnt\u00fc yans\u0131tmaktan daha fazlas\u0131n\u0131 yapar; odaya derinlik, \u015f\u0131kl\u0131k ve ferahl\u0131k katarken, ayn\u0131 zamanda g\u00fcnl\u00fck ya\u015famda da pratik bir i\u015flev g\u00f6r\u00fcr. Ayna, her ya\u015fta ve her tarzda insanlar\u0131n vazge\u00e7ilmezi haline gelmi\u015ftir. Bu yaz\u0131da aynan\u0131n tarih\u00e7esi, kullan\u0131m alanlar\u0131, farkl\u0131 tasar\u0131mlar\u0131 [&hellip;]<\/p>\n","protected":false},"author":1,"featured_media":0,"comment_status":"open","ping_status":"open","sticky":false,"template":"","format":"standard","meta":{"footnotes":""},"categories":[1],"tags":[504,518,516,512,509,506],"class_list":["post-215","post","type-post","status-publish","format-standard","category-genel","tag-ayna","tag-ayna-secerken-dikkat-edilmesi-gerekenler","tag-aynanin-cesitli-tasarimlari","tag-aynanin-dekoratif-rolu","tag-aynanin-fonksiyonel-yararlari","tag-aynanin-tarihcesi-ve-evrimi"],"_links":{"self":[{"href":"https:\/\/wp3.yazilimbilisim.net\/index.php?rest_route=\/wp\/v2\/posts\/215","targetHints":{"allow":["GET"]}}],"collection":[{"href":"https:\/\/wp3.yazilimbilisim.net\/index.php?rest_route=\/wp\/v2\/posts"}],"about":[{"href":"https:\/\/wp3.yazilimbilisim.net\/index.php?rest_route=\/wp\/v2\/types\/post"}],"author":[{"embeddable":true,"href":"https:\/\/wp3.yazilimbilisim.net\/index.php?rest_route=\/wp\/v2\/users\/1"}],"replies":[{"embeddable":true,"href":"https:\/\/wp3.yazilimbilisim.net\/index.php?rest_route=%2Fwp%2Fv2%2Fcomments&post=215"}],"version-history":[{"count":1,"href":"https:\/\/wp3.yazilimbilisim.net\/index.php?rest_route=\/wp\/v2\/posts\/215\/revisions"}],"predecessor-version":[{"id":217,"href":"https:\/\/wp3.yazilimbilisim.net\/index.php?rest_route=\/wp\/v2\/posts\/215\/revisions\/217"}],"wp:attachment":[{"href":"https:\/\/wp3.yazilimbilisim.net\/index.php?rest_route=%2Fwp%2Fv2%2Fmedia&parent=215"}],"wp:term":[{"taxonomy":"category","embeddable":true,"href":"https:\/\/wp3.yazilimbilisim.net\/index.php?rest_route=%2Fwp%2Fv2%2Fcategories&post=215"},{"taxonomy":"post_tag","embeddable":true,"href":"https:\/\/wp3.yazilimbilisim.net\/index.php?rest_route=%2Fwp%2Fv2%2Ftags&post=215"}],"curies":[{"name":"wp","href":"https:\/\/api.w.org\/{rel}","templated":true}]}}