{"id":225,"date":"2025-03-13T13:17:48","date_gmt":"2025-03-13T10:17:48","guid":{"rendered":"https:\/\/wp3.yazilimbilisim.net\/?p=225"},"modified":"2025-03-25T01:21:09","modified_gmt":"2025-03-24T22:21:09","slug":"yatak-ortusu","status":"publish","type":"post","link":"https:\/\/wp3.yazilimbilisim.net\/?p=225","title":{"rendered":"Yatak \u00f6rt\u00fcs\u00fc"},"content":{"rendered":"\n<h3 class=\"wp-block-heading\"><strong>Yatak \u00d6rt\u00fcs\u00fc: Yatak Odan\u0131z\u0131n Zarif ve Fonksiyonel Par\u00e7as\u0131<\/strong><\/h3>\n\n\n\n<p class=\"wp-block-paragraph\">Yatak \u00f6rt\u00fcs\u00fc, yatak odas\u0131n\u0131n dekorasyonunda \u00f6nemli bir rol oynayan, hem estetik hem de i\u015flevsel bir mobilya tekstil \u00fcr\u00fcn\u00fcd\u00fcr. Yatak \u00f6rt\u00fcs\u00fc, yataklar\u0131 \u00f6rtmekle kalmaz, ayn\u0131 zamanda odaya \u015f\u0131kl\u0131k katarken, rahat bir uyku ortam\u0131 yarat\u0131r. Farkl\u0131 renk, desen ve kuma\u015f se\u00e7enekleriyle yatak odas\u0131n\u0131n tarz\u0131n\u0131 yans\u0131tan yatak \u00f6rt\u00fcleri, hem pratik hem de dekoratif bir i\u015flev g\u00f6r\u00fcr. Bu yaz\u0131da, yatak \u00f6rt\u00fcs\u00fcn\u00fcn i\u015flevselli\u011fi, tasar\u0131mlar\u0131 ve se\u00e7im yaparken dikkat edilmesi gereken fakt\u00f6rler hakk\u0131nda bilgi verece\u011fiz.<\/p>\n\n\n\n<h3 class=\"wp-block-heading\"><strong>Yatak \u00d6rt\u00fcs\u00fcn\u00fcn \u0130\u015flevsel Yararlar\u0131<\/strong><\/h3>\n\n\n\n<p class=\"wp-block-paragraph\">Yatak \u00f6rt\u00fcs\u00fc, yatak odas\u0131nda bir\u00e7ok farkl\u0131 i\u015flevi yerine getirir. \u00d6ncelikle, yatak \u00f6rt\u00fcs\u00fc, yataklar\u0131n\u0131z\u0131 koruyan ve d\u00fczenli tutan bir elemand\u0131r. G\u00fcn boyunca yataklar\u0131 \u00f6rtmek, odan\u0131n daha d\u00fczenli ve temiz g\u00f6r\u00fcnmesini sa\u011flar. Ayn\u0131 zamanda, yata\u011f\u0131n\u0131z\u0131n \u00fczerine yerle\u015ftirilen yatak \u00f6rt\u00fcs\u00fc, yatak ba\u015fl\u0131\u011f\u0131n\u0131zla veya odadaki di\u011fer mobilyalarla uyumlu bir dekoratif unsur olu\u015fturur. Yatak \u00f6rt\u00fcs\u00fc, \u00f6zellikle yatak odas\u0131nda s\u0131k\u00e7a kullan\u0131lan bir \u00f6\u011fe oldu\u011fundan, bu fonksiyonel rol\u00fc olduk\u00e7a \u00f6nemlidir.<\/p>\n\n\n\n<p class=\"wp-block-paragraph\">Bir di\u011fer i\u015flevi ise mevsimsel de\u011fi\u015fimlere uyum sa\u011flamakt\u0131r. Yatak \u00f6rt\u00fcleri, hava ko\u015fullar\u0131na ba\u011fl\u0131 olarak s\u0131cak tutabilen ya da serinletici \u00f6zelliklere sahip olan kuma\u015flardan yap\u0131labilir. \u00d6rne\u011fin, k\u0131\u015f\u0131n kal\u0131n, yumu\u015fak ve s\u0131cak tutan yatak \u00f6rt\u00fcleri tercih edilirken, yaz\u0131n daha hafif ve nefes alabilen kuma\u015flar tercih edilebilir. B\u00f6ylece, y\u0131l boyunca rahat bir uyku ortam\u0131 sa\u011flanm\u0131\u015f olur.<\/p>\n\n\n\n<h3 class=\"wp-block-heading\"><strong>Yatak \u00d6rt\u00fcs\u00fc Tasar\u0131mlar\u0131 ve \u00c7e\u015fitleri<\/strong><\/h3>\n\n\n\n<p class=\"wp-block-paragraph\">Yatak \u00f6rt\u00fcleri, farkl\u0131 tasar\u0131mlar ve kuma\u015f se\u00e7enekleriyle yatak odas\u0131na estetik bir dokunu\u015f katabilir. \u0130\u015fte yatak \u00f6rt\u00fclerinin baz\u0131 pop\u00fcler tasar\u0131mlar\u0131:<\/p>\n\n\n\n<ol class=\"wp-block-list\">\n<li><strong>Klasik Yatak \u00d6rt\u00fcs\u00fc<\/strong><br>Klasik yatak \u00f6rt\u00fcleri, genellikle d\u00fcz renkler veya zarif desenlerle tasarlan\u0131r. Genellikle sade ve \u015f\u0131k olan bu \u00f6rt\u00fcler, geleneksel yatak odas\u0131 dekorasyonuna uyum sa\u011flar. Ah\u015fap mobilyalarla uyumlu klasik bir yatak \u00f6rt\u00fcs\u00fc, odada s\u0131cak bir atmosfer yaratabilir.<\/li>\n\n\n\n<li><strong>\u00c7i\u00e7ekli Yatak \u00d6rt\u00fcs\u00fc<\/strong><br>\u00c7i\u00e7ek desenli yatak \u00f6rt\u00fcleri, yatak odas\u0131na romantik ve ferah bir hava katar. \u00d6zellikle yaz aylar\u0131nda tercih edilen \u00e7i\u00e7ekli yatak \u00f6rt\u00fcleri, odadaki havay\u0131 canland\u0131r\u0131r ve do\u011fayla b\u00fct\u00fcnle\u015fmi\u015f bir atmosfer yarat\u0131r. Modern veya klasik yatak odas\u0131 tarzlar\u0131na g\u00f6re farkl\u0131 renk ve desen se\u00e7enekleri bulunabilir.<\/li>\n\n\n\n<li><strong>Geometrik Desenli Yatak \u00d6rt\u00fcs\u00fc<\/strong><br>Modern yatak odas\u0131 dekorasyonuna uygun geometrik desenli yatak \u00f6rt\u00fcleri, \u015f\u0131k ve dinamik bir g\u00f6r\u00fcn\u00fcm sa\u011flar. Genellikle sade ama etkileyici desenlerle tasarlanm\u0131\u015f bu \u00f6rt\u00fcler, modern \u00e7izgilerle uyum sa\u011flar. Geometrik desenler, \u00f6zellikle minimalist bir tarzda tasarlanm\u0131\u015f yatak odalar\u0131na zarif bir dokunu\u015f katabilir.<\/li>\n\n\n\n<li><strong>Quilted (Yast\u0131kl\u0131) Yatak \u00d6rt\u00fcs\u00fc<\/strong><br>Yast\u0131kl\u0131 veya kapitone yatak \u00f6rt\u00fcleri, yatak odas\u0131nda ekstra bir dokusal \u00f6zellik sunar. Bu t\u00fcr \u00f6rt\u00fcler, genellikle diki\u015flerle tasarlanm\u0131\u015f ve yumu\u015fak, dolgun bir his verir. Yast\u0131kl\u0131 yatak \u00f6rt\u00fcleri, hem s\u0131cak tutan hem de \u015f\u0131k bir g\u00f6r\u00fcn\u00fcme sahiptir. \u00d6zellikle k\u0131\u015f aylar\u0131nda s\u0131cakl\u0131k sa\u011flamas\u0131 i\u00e7in tercih edilir.<\/li>\n\n\n\n<li><strong>Renkli ve Desenli Yatak \u00d6rt\u00fcs\u00fc<\/strong><br>Yatak \u00f6rt\u00fclerinin desenli ve renkli modelleri, yatak odas\u0131nda canl\u0131l\u0131k yaratmak i\u00e7in ideal se\u00e7eneklerdir. Desenli yatak \u00f6rt\u00fcleri, odada enerjik bir hava estirirken, odan\u0131n genel dekorasyonunu tamamlayacak \u015fekilde se\u00e7ilebilir. Canl\u0131 renkler veya ilgi \u00e7ekici desenler, \u00f6zellikle gen\u00e7 yatak odalar\u0131nda tercih edilebilir.<\/li>\n<\/ol>\n\n\n\n<h3 class=\"wp-block-heading\"><strong>Yatak \u00d6rt\u00fcs\u00fc Se\u00e7erken Dikkat Edilmesi Gerekenler<\/strong><\/h3>\n\n\n\n<p class=\"wp-block-paragraph\">Yatak \u00f6rt\u00fcs\u00fc se\u00e7erken dikkat edilmesi gereken baz\u0131 fakt\u00f6rler vard\u0131r. Bu fakt\u00f6rler, hem estetik a\u00e7\u0131dan hem de i\u015flevsel olarak do\u011fru bir tercih yapman\u0131za yard\u0131mc\u0131 olacakt\u0131r.<\/p>\n\n\n\n<ol class=\"wp-block-list\">\n<li><strong>Kuma\u015f Se\u00e7imi<\/strong><br>Yatak \u00f6rt\u00fcs\u00fcn\u00fcn kuma\u015f\u0131, hem dayan\u0131kl\u0131l\u0131\u011f\u0131n\u0131 hem de rahatl\u0131\u011f\u0131n\u0131 belirler. Pamuklu kuma\u015flar, nefes alabilen ve hafif olan yap\u0131lar\u0131yla yaz aylar\u0131nda rahatl\u0131k sa\u011flar. Y\u00fcn veya mikrofiber kuma\u015flar ise k\u0131\u015f\u0131n s\u0131cak tutma \u00f6zelli\u011fi g\u00f6sterir. Yatak \u00f6rt\u00fcs\u00fcn\u00fcn kuma\u015f\u0131, ayn\u0131 zamanda y\u0131kama ve bak\u0131m a\u00e7\u0131s\u0131ndan da kolay olmal\u0131d\u0131r.<\/li>\n\n\n\n<li><strong>Yatak Boyutu<\/strong><br>Yatak \u00f6rt\u00fcs\u00fc se\u00e7erken, yata\u011f\u0131n\u0131z\u0131n boyutuna uygun bir \u00f6rt\u00fc se\u00e7mek \u00f6nemlidir. Tek ki\u015filik yataklar i\u00e7in k\u00fc\u00e7\u00fck, \u00e7ift ki\u015filik yataklar i\u00e7in daha geni\u015f yatak \u00f6rt\u00fcleri tercih edilmelidir. Yatak \u00f6rt\u00fcs\u00fcn\u00fcn yata\u011f\u0131n\u0131z\u0131 tamamen kaplamas\u0131 ve kenarlara sarkmas\u0131, estetik a\u00e7\u0131dan da ho\u015f bir g\u00f6r\u00fcn\u00fcm sa\u011flar.<\/li>\n\n\n\n<li><strong>Renk ve Desen Uyumu<\/strong><br>Yatak \u00f6rt\u00fcs\u00fcn\u00fcn rengi ve deseni, odadaki di\u011fer mobilyalarla ve duvar rengiyle uyumlu olmal\u0131d\u0131r. Klasik yatak odalar\u0131nda daha sade ve koyu renkler tercih edilebilirken, modern odalarda daha canl\u0131 ve renkli se\u00e7enekler tercih edilebilir. Ayn\u0131 zamanda, desenlerin odadaki di\u011fer aksesuarlarla uyumlu olmas\u0131, odan\u0131n b\u00fct\u00fcnl\u00fc\u011f\u00fcn\u00fc sa\u011flar.<\/li>\n\n\n\n<li><strong>Mevsime G\u00f6re Se\u00e7im<\/strong><br>Yatak \u00f6rt\u00fcs\u00fc se\u00e7iminde mevsimsel fakt\u00f6rler de \u00f6nemlidir. K\u0131\u015f\u0131n kal\u0131n ve s\u0131cak tutan yatak \u00f6rt\u00fcleri, yaz\u0131n ise hafif ve serin tutan \u00f6rt\u00fcler tercih edilmelidir. Mevsime g\u00f6re do\u011fru se\u00e7im yapmak, rahat bir uyku i\u00e7in \u00f6nemli bir etkendir.<\/li>\n<\/ol>\n\n\n\n<h3 class=\"wp-block-heading\"><strong>Sonu\u00e7<\/strong><\/h3>\n\n\n\n<p class=\"wp-block-paragraph\">Yatak \u00f6rt\u00fcs\u00fc, hem fonksiyonel hem de dekoratif bir \u00f6\u011fe olarak yatak odas\u0131n\u0131n vazge\u00e7ilmez par\u00e7alar\u0131ndan biridir. Yatak \u00f6rt\u00fcs\u00fc, odan\u0131z\u0131 d\u00fczenlerken, ayn\u0131 zamanda rahat bir uyku ortam\u0131 yaratman\u0131za da yard\u0131mc\u0131 olur. Farkl\u0131 kuma\u015f, renk ve desen se\u00e7enekleriyle yatak \u00f6rt\u00fcleri, odan\u0131n atmosferini de\u011fi\u015ftirerek estetik bir dokunu\u015f katar. Yatak \u00f6rt\u00fcs\u00fc se\u00e7erken kuma\u015f, boyut, renk uyumu ve mevsime g\u00f6re tercihler yapmak, hem pratiklik hem de g\u00f6rsel a\u00e7\u0131dan tatmin edici sonu\u00e7lar sa\u011flar.<\/p>\n\n\n\n<hr class=\"wp-block-separator has-alpha-channel-opacity\"\/>\n\n\n\n<figure class=\"wp-block-image size-full\"><img loading=\"lazy\" decoding=\"async\" width=\"474\" height=\"474\" src=\"https:\/\/wp3.yazilimbilisim.net\/wp-content\/uploads\/2025\/03\/yatak-ortusu.jpg\" alt=\"\" class=\"wp-image-226\" srcset=\"https:\/\/wp3.yazilimbilisim.net\/wp-content\/uploads\/2025\/03\/yatak-ortusu.jpg 474w, https:\/\/wp3.yazilimbilisim.net\/wp-content\/uploads\/2025\/03\/yatak-ortusu-300x300.jpg 300w, https:\/\/wp3.yazilimbilisim.net\/wp-content\/uploads\/2025\/03\/yatak-ortusu-150x150.jpg 150w\" sizes=\"auto, (max-width: 474px) 100vw, 474px\" \/><\/figure>\n\n\n\n<p class=\"wp-block-paragraph\"><\/p>\n","protected":false},"excerpt":{"rendered":"<p>Yatak \u00d6rt\u00fcs\u00fc: Yatak Odan\u0131z\u0131n Zarif ve Fonksiyonel Par\u00e7as\u0131 Yatak \u00f6rt\u00fcs\u00fc, yatak odas\u0131n\u0131n dekorasyonunda \u00f6nemli bir rol oynayan, hem estetik hem de i\u015flevsel bir mobilya tekstil \u00fcr\u00fcn\u00fcd\u00fcr. Yatak \u00f6rt\u00fcs\u00fc, yataklar\u0131 \u00f6rtmekle kalmaz, ayn\u0131 zamanda odaya \u015f\u0131kl\u0131k katarken, rahat bir uyku ortam\u0131 yarat\u0131r. Farkl\u0131 renk, desen ve kuma\u015f se\u00e7enekleriyle yatak odas\u0131n\u0131n tarz\u0131n\u0131 yans\u0131tan yatak \u00f6rt\u00fcleri, hem pratik [&hellip;]<\/p>\n","protected":false},"author":1,"featured_media":0,"comment_status":"open","ping_status":"open","sticky":false,"template":"","format":"standard","meta":{"footnotes":""},"categories":[1],"tags":[496,497,494,498,499,489,500,493,491],"class_list":["post-225","post","type-post","status-publish","format-standard","category-genel","tag-cicekli-yatak-ortusu","tag-geometrik-desenli-yatak-ortusu","tag-klasik-yatak-ortusu","tag-quilted-yastikli-yatak-ortusu","tag-renkli-ve-desenli-yatak-ortusu","tag-yatak-ortusu-2","tag-yatak-ortusu-secerken-dikkat-edilmesi-gerekenler","tag-yatak-ortusu-tasarimlari-ve-cesitleri","tag-yatak-ortusu-yatak-odanizin-zarif-ve-fonksiyonel-parcasi"],"_links":{"self":[{"href":"https:\/\/wp3.yazilimbilisim.net\/index.php?rest_route=\/wp\/v2\/posts\/225","targetHints":{"allow":["GET"]}}],"collection":[{"href":"https:\/\/wp3.yazilimbilisim.net\/index.php?rest_route=\/wp\/v2\/posts"}],"about":[{"href":"https:\/\/wp3.yazilimbilisim.net\/index.php?rest_route=\/wp\/v2\/types\/post"}],"author":[{"embeddable":true,"href":"https:\/\/wp3.yazilimbilisim.net\/index.php?rest_route=\/wp\/v2\/users\/1"}],"replies":[{"embeddable":true,"href":"https:\/\/wp3.yazilimbilisim.net\/index.php?rest_route=%2Fwp%2Fv2%2Fcomments&post=225"}],"version-history":[{"count":2,"href":"https:\/\/wp3.yazilimbilisim.net\/index.php?rest_route=\/wp\/v2\/posts\/225\/revisions"}],"predecessor-version":[{"id":822,"href":"https:\/\/wp3.yazilimbilisim.net\/index.php?rest_route=\/wp\/v2\/posts\/225\/revisions\/822"}],"wp:attachment":[{"href":"https:\/\/wp3.yazilimbilisim.net\/index.php?rest_route=%2Fwp%2Fv2%2Fmedia&parent=225"}],"wp:term":[{"taxonomy":"category","embeddable":true,"href":"https:\/\/wp3.yazilimbilisim.net\/index.php?rest_route=%2Fwp%2Fv2%2Fcategories&post=225"},{"taxonomy":"post_tag","embeddable":true,"href":"https:\/\/wp3.yazilimbilisim.net\/index.php?rest_route=%2Fwp%2Fv2%2Ftags&post=225"}],"curies":[{"name":"wp","href":"https:\/\/api.w.org\/{rel}","templated":true}]}}