{"id":326,"date":"2025-03-13T16:46:12","date_gmt":"2025-03-13T13:46:12","guid":{"rendered":"https:\/\/wp3.yazilimbilisim.net\/?p=326"},"modified":"2025-03-25T01:02:10","modified_gmt":"2025-03-24T22:02:10","slug":"yatak-odasi-takimlari","status":"publish","type":"post","link":"https:\/\/wp3.yazilimbilisim.net\/?p=326","title":{"rendered":"Yatak Odas\u0131 Tak\u0131mlar\u0131"},"content":{"rendered":"\n<p class=\"wp-block-paragraph\">Yatak odas\u0131, g\u00fcn\u00fcn yorgunlu\u011funu att\u0131\u011f\u0131m\u0131z ve dinlendi\u011fimiz en \u00f6nemli alanlardan biridir. Bu nedenle yatak odas\u0131 tasar\u0131m\u0131, hem estetik a\u00e7\u0131dan ho\u015f hem de fonksiyonel olmal\u0131d\u0131r. Yatak odas\u0131 tak\u0131mlar\u0131, bu iki unsuru bir araya getirerek, ya\u015fam alan\u0131m\u0131z\u0131 daha kullan\u0131\u015fl\u0131 ve rahat hale getirir. Yatak, dolap, komodin, \u015fifonyer gibi \u00f6\u011felerden olu\u015fan yatak odas\u0131 tak\u0131mlar\u0131, modern ya\u015fam\u0131n gereksinimlerini kar\u015f\u0131lamak ve ki\u015fisel zevkleri yans\u0131tmak ad\u0131na \u015f\u0131kl\u0131\u011f\u0131 ve fonksiyonu birle\u015ftirir.<\/p>\n\n\n\n<h2 class=\"wp-block-heading\"><strong>Yatak Odas\u0131 Tak\u0131mlar\u0131n\u0131n \u00d6nemi<\/strong><\/h2>\n\n\n\n<p class=\"wp-block-paragraph\">Yatak odas\u0131 tak\u0131mlar\u0131, genellikle bir odan\u0131n ihtiyac\u0131 olan temel mobilya \u00f6\u011felerini bir arada sunar. Bu tak\u0131mlar, genellikle bir yatak, ba\u015fl\u0131k, komodin, dolap ve \u015fifonyer gibi par\u00e7alardan olu\u015fur. Her bir par\u00e7a, yatak odas\u0131nda rahat bir ya\u015fam alan\u0131 olu\u015fturmak i\u00e7in ayr\u0131 bir i\u015flevi yerine getirir. \u00d6rne\u011fin, yatak, uyku kalitesini do\u011frudan etkileyen en \u00f6nemli par\u00e7a iken, dolap ve komodin gibi mobilyalar da depolama ve d\u00fczen sa\u011flamak i\u00e7in gereklidir.<\/p>\n\n\n\n<p class=\"wp-block-paragraph\">Bir yatak odas\u0131 tak\u0131m\u0131, odan\u0131n dekorasyonunu b\u00fct\u00fcnsel bir \u015fekilde tamamlar. Ahenkli ve uyumlu mobilyalar, odadaki di\u011fer \u00f6\u011felerle de uyum sa\u011flar, b\u00f6ylece odan\u0131n estetik g\u00f6r\u00fcn\u00fcm\u00fcn\u00fc art\u0131r\u0131r. Ayn\u0131 zamanda yatak odas\u0131nda her \u015feyin yerli yerinde olmas\u0131, daha derli toplu bir ortam yarat\u0131r ve ya\u015fam alan\u0131n\u0131 daha ferah k\u0131lar.<\/p>\n\n\n\n<h2 class=\"wp-block-heading\"><strong><strong>Yatak Odas\u0131 Tak\u0131mlar\u0131n\u0131n \u00d6nemi<\/strong><\/strong><\/h2>\n\n\n\n<p class=\"wp-block-paragraph\">Yatak odas\u0131 tak\u0131mlar\u0131, farkl\u0131 zevklere ve dekorasyon stillerine hitap edebilecek \u015fekilde \u00e7e\u015fitlenmi\u015ftir. Modern, klasik, rustik, end\u00fcstriyel gibi farkl\u0131 stillerde \u00fcretilen tak\u0131mlar, her odan\u0131n atmosferine uyum sa\u011flayabilir. Modern yatak odas\u0131 tak\u0131mlar\u0131, sade hatlar\u0131 ve minimalist tasar\u0131mlar\u0131yla dikkat \u00e7ekerken, klasik yatak odas\u0131 tak\u0131mlar\u0131 daha zarif ve detayl\u0131 i\u015f\u00e7ilikleriyle \u00f6ne \u00e7\u0131kar.<\/p>\n\n\n\n<p class=\"wp-block-paragraph\">Ah\u015fap, metal, lake, kuma\u015f gibi \u00e7e\u015fitli malzemeler, yatak odas\u0131 tak\u0131mlar\u0131nda kullan\u0131lan materyallerin ba\u015f\u0131nda gelir. Ah\u015fap mobilyalar do\u011fal bir g\u00f6r\u00fcn\u00fcm sunarken, metal ya da lake mobilyalar daha modern bir estetik yarat\u0131r. Kuma\u015f kaplamal\u0131 ba\u015fl\u0131klar ise, \u00f6zellikle rahatl\u0131k ve \u015f\u0131kl\u0131k arayanlar i\u00e7in pop\u00fcler bir tercihtir.<\/p>\n\n\n\n<h2 class=\"wp-block-heading\"><strong>Yatak Odas\u0131 Tak\u0131mlar\u0131 ve Depolama \u0130htiya\u00e7lar\u0131<\/strong><\/h2>\n\n\n\n<p class=\"wp-block-paragraph\">Yatak odas\u0131 tak\u0131mlar\u0131, sadece estetik a\u00e7\u0131dan de\u011fil, ayn\u0131 zamanda depolama a\u00e7\u0131s\u0131ndan da \u00f6nemli bir rol oynar. Geli\u015fmi\u015f depolama alanlar\u0131, k\u00fc\u00e7\u00fck odalarda alan\u0131n verimli kullan\u0131lmas\u0131n\u0131 sa\u011flar. Yatak alt\u0131 \u00e7ekmeceleri, \u00e7ok ama\u00e7l\u0131 dolaplar, raflar ve komodinlerdeki b\u00f6lmeler, e\u015fyalar\u0131n d\u00fczenli bir \u015fekilde yerle\u015ftirilmesine yard\u0131mc\u0131 olur. Ayr\u0131ca, baz\u0131 yatak odas\u0131 tak\u0131mlar\u0131, gard\u0131rop i\u00e7indeki \u00e7ekmeceler veya b\u00f6lmelerle ekstra depolama alan\u0131 sunar. B\u00f6ylece, k\u0131yafetler ve di\u011fer e\u015fyalar kolayca saklanabilir ve odada d\u00fczen sa\u011flanabilir.<\/p>\n\n\n\n<h2 class=\"wp-block-heading\"><strong>Yatak Odas\u0131 Tak\u0131m\u0131 Se\u00e7erken Dikkat Edilmesi Gerekenler<\/strong><\/h2>\n\n\n\n<p class=\"wp-block-paragraph\">Yatak odas\u0131 tak\u0131m\u0131 se\u00e7erken dikkat edilmesi gereken birka\u00e7 \u00f6nemli fakt\u00f6r vard\u0131r. \u0130lk olarak, odan\u0131n b\u00fcy\u00fckl\u00fc\u011f\u00fc ve \u015fekli g\u00f6z \u00f6n\u00fcnde bulundurulmal\u0131d\u0131r. K\u00fc\u00e7\u00fck bir odada b\u00fcy\u00fck mobilyalar, alan\u0131n daralmas\u0131na yol a\u00e7abilir. Bu nedenle, \u00f6l\u00e7\u00fcler ve mobilyalar\u0131n oranlar\u0131 do\u011fru \u015fekilde se\u00e7ilmelidir. Ayr\u0131ca, tak\u0131mlar\u0131n i\u015flevselli\u011fi de \u00f6nemlidir. Yatak, komodin, dolap ve \u015fifonyer gibi par\u00e7alar\u0131n, kullan\u0131m kolayl\u0131\u011f\u0131 sa\u011flayacak \u015fekilde tasarlanmas\u0131 gerekir.<\/p>\n\n\n\n<p class=\"wp-block-paragraph\">Mobilyalar\u0131n kalitesi de g\u00f6z ard\u0131 edilmemelidir. Uzun \u00f6m\u00fcrl\u00fc ve dayan\u0131kl\u0131 malzemelerden yap\u0131lm\u0131\u015f yatak odas\u0131 tak\u0131mlar\u0131, zamanla deforme olma riskini azalt\u0131r. Ayr\u0131ca, tasar\u0131m\u0131n ki\u015fisel zevklerinizi yans\u0131tmas\u0131 da \u00f6nemli bir noktad\u0131r. Odan\u0131n genel dekorasyonuyla uyumlu renkler ve stil, yatak odas\u0131nda rahatlat\u0131c\u0131 bir atmosfer yarat\u0131r.<\/p>\n\n\n\n<p class=\"wp-block-paragraph\"><strong>Sonu\u00e7<\/strong><\/p>\n\n\n\n<p class=\"wp-block-paragraph\">Yatak odas\u0131 tak\u0131mlar\u0131, hem estetik hem de fonksiyonel a\u00e7\u0131dan hayat\u0131m\u0131z\u0131 kolayla\u015ft\u0131ran ve g\u00fczelle\u015ftiren mobilyalard\u0131r. \u0130yi bir yatak odas\u0131 tak\u0131m\u0131, odan\u0131n dekorasyonunu tamamlayarak ferah ve d\u00fczenli bir alan yarat\u0131r. Ayn\u0131 zamanda depolama ihtiya\u00e7lar\u0131na da \u00e7\u00f6z\u00fcm sunarak, ya\u015fam alan\u0131m\u0131z\u0131 daha kullan\u0131\u015fl\u0131 hale getirir. Yatak odas\u0131 tak\u0131m\u0131 se\u00e7erken, odan\u0131n boyutuna, tasar\u0131m\u0131na ve ki\u015fisel tercihlere g\u00f6re do\u011fru se\u00e7imler yapmak, uzun y\u0131llar boyunca konforlu bir kullan\u0131m sa\u011flar. Yatak odas\u0131nda hem rahatl\u0131k hem de \u015f\u0131kl\u0131k arayanlar i\u00e7in yatak odas\u0131 tak\u0131mlar\u0131, ideal bir tercihtir.<\/p>\n\n\n\n<hr class=\"wp-block-separator has-alpha-channel-opacity\"\/>\n\n\n\n<figure class=\"wp-block-image size-full\"><img loading=\"lazy\" decoding=\"async\" width=\"474\" height=\"351\" src=\"https:\/\/wp3.yazilimbilisim.net\/wp-content\/uploads\/2025\/03\/yatak-odasi-takimlari2.jpg\" alt=\"\" class=\"wp-image-327\" srcset=\"https:\/\/wp3.yazilimbilisim.net\/wp-content\/uploads\/2025\/03\/yatak-odasi-takimlari2.jpg 474w, https:\/\/wp3.yazilimbilisim.net\/wp-content\/uploads\/2025\/03\/yatak-odasi-takimlari2-300x222.jpg 300w, https:\/\/wp3.yazilimbilisim.net\/wp-content\/uploads\/2025\/03\/yatak-odasi-takimlari2-150x111.jpg 150w\" sizes=\"auto, (max-width: 474px) 100vw, 474px\" \/><\/figure>\n","protected":false},"excerpt":{"rendered":"<p>Yatak odas\u0131, g\u00fcn\u00fcn yorgunlu\u011funu att\u0131\u011f\u0131m\u0131z ve dinlendi\u011fimiz en \u00f6nemli alanlardan biridir. Bu nedenle yatak odas\u0131 tasar\u0131m\u0131, hem estetik a\u00e7\u0131dan ho\u015f hem de fonksiyonel olmal\u0131d\u0131r. Yatak odas\u0131 tak\u0131mlar\u0131, bu iki unsuru bir araya getirerek, ya\u015fam alan\u0131m\u0131z\u0131 daha kullan\u0131\u015fl\u0131 ve rahat hale getirir. Yatak, dolap, komodin, \u015fifonyer gibi \u00f6\u011felerden olu\u015fan yatak odas\u0131 tak\u0131mlar\u0131, modern ya\u015fam\u0131n gereksinimlerini kar\u015f\u0131lamak [&hellip;]<\/p>\n","protected":false},"author":1,"featured_media":328,"comment_status":"open","ping_status":"open","sticky":false,"template":"","format":"standard","meta":{"footnotes":""},"categories":[93,109],"tags":[380,371,376,373],"class_list":["post-326","post","type-post","status-publish","format-standard","has-post-thumbnail","category-yatak-odasi","category-yatak-odasi-takimlari","tag-yatak-odasi-takimi-secerken-dikkat-edilmesi-gerekenler","tag-yatak-odasi-takimlari","tag-yatak-odasi-takimlari-ve-depolama-ihtiyaclari","tag-yatak-odasi-takimlarinin-onemi"],"_links":{"self":[{"href":"https:\/\/wp3.yazilimbilisim.net\/index.php?rest_route=\/wp\/v2\/posts\/326","targetHints":{"allow":["GET"]}}],"collection":[{"href":"https:\/\/wp3.yazilimbilisim.net\/index.php?rest_route=\/wp\/v2\/posts"}],"about":[{"href":"https:\/\/wp3.yazilimbilisim.net\/index.php?rest_route=\/wp\/v2\/types\/post"}],"author":[{"embeddable":true,"href":"https:\/\/wp3.yazilimbilisim.net\/index.php?rest_route=\/wp\/v2\/users\/1"}],"replies":[{"embeddable":true,"href":"https:\/\/wp3.yazilimbilisim.net\/index.php?rest_route=%2Fwp%2Fv2%2Fcomments&post=326"}],"version-history":[{"count":2,"href":"https:\/\/wp3.yazilimbilisim.net\/index.php?rest_route=\/wp\/v2\/posts\/326\/revisions"}],"predecessor-version":[{"id":799,"href":"https:\/\/wp3.yazilimbilisim.net\/index.php?rest_route=\/wp\/v2\/posts\/326\/revisions\/799"}],"wp:featuredmedia":[{"embeddable":true,"href":"https:\/\/wp3.yazilimbilisim.net\/index.php?rest_route=\/wp\/v2\/media\/328"}],"wp:attachment":[{"href":"https:\/\/wp3.yazilimbilisim.net\/index.php?rest_route=%2Fwp%2Fv2%2Fmedia&parent=326"}],"wp:term":[{"taxonomy":"category","embeddable":true,"href":"https:\/\/wp3.yazilimbilisim.net\/index.php?rest_route=%2Fwp%2Fv2%2Fcategories&post=326"},{"taxonomy":"post_tag","embeddable":true,"href":"https:\/\/wp3.yazilimbilisim.net\/index.php?rest_route=%2Fwp%2Fv2%2Ftags&post=326"}],"curies":[{"name":"wp","href":"https:\/\/api.w.org\/{rel}","templated":true}]}}